{"id":39949,"date":"2026-02-20T14:55:49","date_gmt":"2026-02-20T13:55:49","guid":{"rendered":"https:\/\/www.aspira.hr\/?p=39949"},"modified":"2026-02-20T14:55:49","modified_gmt":"2026-02-20T13:55:49","slug":"erasmus-study-in-croatia-welcome-day-for-international-students-at-aspira","status":"publish","type":"post","link":"https:\/\/www.aspira.hr\/en\/erasmus-study-in-croatia-welcome-day-for-international-students-at-aspira\/","title":{"rendered":"Erasmus+ Study in Croatia: Welcome Day for International Students at Aspira"},"content":{"rendered":"<h2 data-start=\"122\" data-end=\"164\">Welcome to Erasmus+ Study in Croatia!<\/h2>\n<p data-start=\"166\" data-end=\"584\"><a href=\"https:\/\/www.aspira.hr\/en\/\"><span class=\"hover:entity-accent entity-underline inline cursor-pointer align-baseline\"><span class=\"whitespace-normal\">Aspira University of Applied Sciences<\/span><\/span><\/a>\u00a0proudly welcomed a new generation of international <strong data-start=\"255\" data-end=\"276\">Erasmus+ students<\/strong>. They arrived in Croatia from Portugal, Spain, Germany, Turkey, Poland, the Czech Republic, and Ireland. The Welcome Day marked the beginning of their international academic journey and cultural integration. It also confirmed Aspira\u2019s strong involvement in Erasmus+ projects and student mobility programs.<\/p>\n<h3 data-start=\"586\" data-end=\"644\">A long-standing tradition of Erasmus+ study in Croatia<\/h3>\n<p data-start=\"646\" data-end=\"1112\">As a higher education institution with extensive experience in implementing Erasmus+ programs, <span class=\"hover:entity-accent entity-underline inline cursor-pointer align-baseline\"><span class=\"whitespace-normal\">Aspira University of Applied Sciences<\/span><\/span> continuously participates in international mobility projects. These programs include student and staff exchanges. Over the years, Aspira has built a stable network of partner institutions across Europe. This allows students to exchange knowledge, cultures, and professional experiences, while also developing an international professional portfolio.<\/p>\n<p data-start=\"1114\" data-end=\"1185\">Participation in Erasmus+ programs offers students numerous benefits:<\/p>\n<ul data-start=\"1187\" data-end=\"1360\">\n<li data-start=\"1187\" data-end=\"1231\">\n<p data-start=\"1189\" data-end=\"1231\">Studying in an international environment<\/p>\n<\/li>\n<li data-start=\"1232\" data-end=\"1269\">\n<p data-start=\"1234\" data-end=\"1269\">Improving foreign language skills<\/p>\n<\/li>\n<li data-start=\"1270\" data-end=\"1311\">\n<p data-start=\"1272\" data-end=\"1311\">Developing intercultural competencies<\/p>\n<\/li>\n<li data-start=\"1312\" data-end=\"1360\">\n<p data-start=\"1314\" data-end=\"1360\">Gaining new academic and practical knowledge<\/p>\n<\/li>\n<\/ul>\n<h3 data-start=\"1362\" data-end=\"1423\">How Erasmus+ study in Croatia enhances student experience<\/h3>\n<p data-start=\"1425\" data-end=\"1833\">For students from Portugal, Spain, Germany, Turkey, Poland, the Czech Republic, and Ireland, staying in Croatia means more than just studying. It represents a combination of academic growth, personal development, and cultural immersion. During Welcome Day, students were introduced to the academic process, study programs, and administrative procedures. They also got acquainted with student life in Split.<\/p>\n<p data-start=\"1835\" data-end=\"2057\">Special emphasis was placed on mentorship and support. Quick integration into the new environment was encouraged. Students are motivated to actively participate in projects, cultural activities, and academic initiatives.<\/p>\n<h3 data-start=\"2059\" data-end=\"2103\">Erasmus+ experience beyond the classroom<\/h3>\n<p data-start=\"2105\" data-end=\"2503\">Erasmus+ mobility at Aspira is not just studying abroad. It is an opportunity to form new friendships, <a href=\"https:\/\/www.instagram.com\/p\/DT2O8nSCAgC\/\">international connections<\/a>, and experiences that last a lifetime. Through a combination of theoretical classes, practical projects, and collaboration with local and international students, participants develop key competencies. These skills are crucial for success in today\u2019s global job market.<\/p>\n<p data-start=\"2505\" data-end=\"2724\">Aspira remains strongly committed to the internationalization of higher education. It continues to develop high-quality Erasmus+ programs, providing students with a truly transformative and enriching study experience.<\/p>\n<p data-start=\"2726\" data-end=\"2766\">Welcome to Croatia. Welcome to Aspira!<\/p>\n","protected":false},"excerpt":{"rendered":"<p>Welcome to Erasmus+ Study in Croatia! Aspira University of Applied Sciences\u00a0proudly welcomed a new generation of international Erasmus+ students. They arrived in Croatia from Portugal, Spain, Germany, Turkey, Poland, the Czech Republic, and Ireland. The Welcome Day marked the beginning of their international academic journey and cultural integration. It also confirmed Aspira\u2019s strong involvement in&hellip;<\/p>\n","protected":false},"author":1,"featured_media":39950,"comment_status":"closed","ping_status":"open","sticky":false,"template":"","format":"standard","meta":{"_monsterinsights_skip_tracking":false,"_monsterinsights_sitenote_active":false,"_monsterinsights_sitenote_note":"","_monsterinsights_sitenote_category":0},"categories":[22],"tags":[],"yoast_head":"<!-- This site is optimized with the Yoast SEO plugin v18.0 - https:\/\/yoast.com\/wordpress\/plugins\/seo\/ -->\n<title>Erasmus+ Study in Croatia: Welcome Day for International Students at Aspira | ASPIRA University College<\/title>\n<meta name=\"description\" content=\"Welcome Day at Veleu\u010dili\u0161te Aspira marked the start of Erasmus+ study in Croatia for international students from across Europe.\" \/>\n<meta name=\"robots\" content=\"index, follow, max-snippet:-1, max-image-preview:large, max-video-preview:-1\" \/>\n<link rel=\"canonical\" href=\"https:\/\/www.aspira.hr\/en\/erasmus-study-in-croatia-welcome-day-for-international-students-at-aspira\/\" \/>\n<meta property=\"og:locale\" content=\"en_US\" \/>\n<meta property=\"og:type\" content=\"article\" \/>\n<meta property=\"og:title\" content=\"Erasmus+ Study in Croatia: Welcome Day for International Students at Aspira | ASPIRA University College\" \/>\n<meta property=\"og:description\" content=\"Welcome Day at Veleu\u010dili\u0161te Aspira marked the start of Erasmus+ study in Croatia for international students from across Europe.\" \/>\n<meta property=\"og:url\" content=\"https:\/\/www.aspira.hr\/en\/erasmus-study-in-croatia-welcome-day-for-international-students-at-aspira\/\" \/>\n<meta property=\"og:site_name\" content=\"ASPIRA University College\" \/>\n<meta property=\"article:publisher\" content=\"https:\/\/www.facebook.com\/Aspira.University.College\" \/>\n<meta property=\"article:published_time\" content=\"2026-02-20T13:55:49+00:00\" \/>\n<meta property=\"og:image\" content=\"https:\/\/www.aspira.hr\/wp-content\/uploads\/2026\/02\/WEB-OBJAVE-TEMPLATE-23.jpg\" \/>\n\t<meta property=\"og:image:width\" content=\"1920\" \/>\n\t<meta property=\"og:image:height\" content=\"1080\" \/>\n\t<meta property=\"og:image:type\" content=\"image\/jpeg\" \/>\n<meta name=\"twitter:card\" content=\"summary_large_image\" \/>\n<meta name=\"twitter:creator\" content=\"@aspirasplit\" \/>\n<meta name=\"twitter:site\" content=\"@aspirasplit\" \/>\n<meta name=\"twitter:label1\" content=\"Written by\" \/>\n\t<meta name=\"twitter:data1\" content=\"Aspira\" \/>\n\t<meta name=\"twitter:label2\" content=\"Est. reading time\" \/>\n\t<meta name=\"twitter:data2\" content=\"2 minutes\" \/>\n<script type=\"application\/ld+json\" class=\"yoast-schema-graph\">{\"@context\":\"https:\/\/schema.org\",\"@graph\":[{\"@type\":\"Organization\",\"@id\":\"https:\/\/www.aspira.hr\/#organization\",\"name\":\"Aspira university college\",\"url\":\"https:\/\/www.aspira.hr\/\",\"sameAs\":[\"https:\/\/www.facebook.com\/Aspira.University.College\",\"https:\/\/www.instagram.com\/aspira_university\/\",\"https:\/\/www.youtube.com\/channel\/UCIgYMJQ9r3uxEjC6kX_q7EQ\",\"https:\/\/twitter.com\/aspirasplit\"],\"logo\":{\"@type\":\"ImageObject\",\"@id\":\"https:\/\/www.aspira.hr\/#logo\",\"inLanguage\":\"en-US\",\"url\":\"https:\/\/www.aspira.hr\/wp-content\/uploads\/2018\/02\/Aspira-University-College-1.png\",\"contentUrl\":\"https:\/\/www.aspira.hr\/wp-content\/uploads\/2018\/02\/Aspira-University-College-1.png\",\"width\":247,\"height\":60,\"caption\":\"Aspira university college\"},\"image\":{\"@id\":\"https:\/\/www.aspira.hr\/#logo\"}},{\"@type\":\"WebSite\",\"@id\":\"https:\/\/www.aspira.hr\/#website\",\"url\":\"https:\/\/www.aspira.hr\/\",\"name\":\"ASPIRA University College\",\"description\":\"Obrazovanje vrhunskih menad\u017eera iz podru\u010dja sporta i turizma. Studijski programi Me\u0111unarodnog menad\u017ementa u hotelijerstvu i turizmu, te Sportskog menad\u017ementa.\",\"publisher\":{\"@id\":\"https:\/\/www.aspira.hr\/#organization\"},\"potentialAction\":[{\"@type\":\"SearchAction\",\"target\":{\"@type\":\"EntryPoint\",\"urlTemplate\":\"https:\/\/www.aspira.hr\/?s={search_term_string}\"},\"query-input\":\"required name=search_term_string\"}],\"inLanguage\":\"en-US\"},{\"@type\":\"ImageObject\",\"@id\":\"https:\/\/www.aspira.hr\/en\/erasmus-study-in-croatia-welcome-day-for-international-students-at-aspira\/#primaryimage\",\"inLanguage\":\"en-US\",\"url\":\"https:\/\/www.aspira.hr\/wp-content\/uploads\/2026\/02\/WEB-OBJAVE-TEMPLATE-23.jpg\",\"contentUrl\":\"https:\/\/www.aspira.hr\/wp-content\/uploads\/2026\/02\/WEB-OBJAVE-TEMPLATE-23.jpg\",\"width\":1920,\"height\":1080},{\"@type\":\"WebPage\",\"@id\":\"https:\/\/www.aspira.hr\/en\/erasmus-study-in-croatia-welcome-day-for-international-students-at-aspira\/#webpage\",\"url\":\"https:\/\/www.aspira.hr\/en\/erasmus-study-in-croatia-welcome-day-for-international-students-at-aspira\/\",\"name\":\"Erasmus+ Study in Croatia: Welcome Day for International Students at Aspira | ASPIRA University College\",\"isPartOf\":{\"@id\":\"https:\/\/www.aspira.hr\/#website\"},\"primaryImageOfPage\":{\"@id\":\"https:\/\/www.aspira.hr\/en\/erasmus-study-in-croatia-welcome-day-for-international-students-at-aspira\/#primaryimage\"},\"datePublished\":\"2026-02-20T13:55:49+00:00\",\"dateModified\":\"2026-02-20T13:55:49+00:00\",\"description\":\"Welcome Day at Veleu\u010dili\u0161te Aspira marked the start of Erasmus+ study in Croatia for international students from across Europe.\",\"breadcrumb\":{\"@id\":\"https:\/\/www.aspira.hr\/en\/erasmus-study-in-croatia-welcome-day-for-international-students-at-aspira\/#breadcrumb\"},\"inLanguage\":\"en-US\",\"potentialAction\":[{\"@type\":\"ReadAction\",\"target\":[\"https:\/\/www.aspira.hr\/en\/erasmus-study-in-croatia-welcome-day-for-international-students-at-aspira\/\"]}]},{\"@type\":\"BreadcrumbList\",\"@id\":\"https:\/\/www.aspira.hr\/en\/erasmus-study-in-croatia-welcome-day-for-international-students-at-aspira\/#breadcrumb\",\"itemListElement\":[{\"@type\":\"ListItem\",\"position\":1,\"name\":\"Po\u010detna stranica\",\"item\":\"https:\/\/www.aspira.hr\/en\/\"},{\"@type\":\"ListItem\",\"position\":2,\"name\":\"Erasmus+ Study in Croatia: Welcome Day for International Students at Aspira\"}]},{\"@type\":\"Article\",\"@id\":\"https:\/\/www.aspira.hr\/en\/erasmus-study-in-croatia-welcome-day-for-international-students-at-aspira\/#article\",\"isPartOf\":{\"@id\":\"https:\/\/www.aspira.hr\/en\/erasmus-study-in-croatia-welcome-day-for-international-students-at-aspira\/#webpage\"},\"author\":{\"@id\":\"https:\/\/www.aspira.hr\/#\/schema\/person\/99698fe259c025ca132d161bc05a300b\"},\"headline\":\"Erasmus+ Study in Croatia: Welcome Day for International Students at Aspira\",\"datePublished\":\"2026-02-20T13:55:49+00:00\",\"dateModified\":\"2026-02-20T13:55:49+00:00\",\"mainEntityOfPage\":{\"@id\":\"https:\/\/www.aspira.hr\/en\/erasmus-study-in-croatia-welcome-day-for-international-students-at-aspira\/#webpage\"},\"wordCount\":357,\"publisher\":{\"@id\":\"https:\/\/www.aspira.hr\/#organization\"},\"image\":{\"@id\":\"https:\/\/www.aspira.hr\/en\/erasmus-study-in-croatia-welcome-day-for-international-students-at-aspira\/#primaryimage\"},\"thumbnailUrl\":\"https:\/\/www.aspira.hr\/wp-content\/uploads\/2026\/02\/WEB-OBJAVE-TEMPLATE-23.jpg\",\"articleSection\":[\"News\"],\"inLanguage\":\"en-US\"},{\"@type\":\"Person\",\"@id\":\"https:\/\/www.aspira.hr\/#\/schema\/person\/99698fe259c025ca132d161bc05a300b\",\"name\":\"Aspira\",\"image\":{\"@type\":\"ImageObject\",\"@id\":\"https:\/\/www.aspira.hr\/#personlogo\",\"inLanguage\":\"en-US\",\"url\":\"https:\/\/secure.gravatar.com\/avatar\/7702d1dfd871a2d1c5b167beb1faeb6f?s=96&d=mm&r=g\",\"contentUrl\":\"https:\/\/secure.gravatar.com\/avatar\/7702d1dfd871a2d1c5b167beb1faeb6f?s=96&d=mm&r=g\",\"caption\":\"Aspira\"}}]}<\/script>\n<!-- \/ Yoast SEO plugin. -->","yoast_head_json":{"title":"Erasmus+ Study in Croatia: Welcome Day for International Students at Aspira | ASPIRA University College","description":"Welcome Day at Veleu\u010dili\u0161te Aspira marked the start of Erasmus+ study in Croatia for international students from across Europe.","robots":{"index":"index","follow":"follow","max-snippet":"max-snippet:-1","max-image-preview":"max-image-preview:large","max-video-preview":"max-video-preview:-1"},"canonical":"https:\/\/www.aspira.hr\/en\/erasmus-study-in-croatia-welcome-day-for-international-students-at-aspira\/","og_locale":"en_US","og_type":"article","og_title":"Erasmus+ Study in Croatia: Welcome Day for International Students at Aspira | ASPIRA University College","og_description":"Welcome Day at Veleu\u010dili\u0161te Aspira marked the start of Erasmus+ study in Croatia for international students from across Europe.","og_url":"https:\/\/www.aspira.hr\/en\/erasmus-study-in-croatia-welcome-day-for-international-students-at-aspira\/","og_site_name":"ASPIRA University College","article_publisher":"https:\/\/www.facebook.com\/Aspira.University.College","article_published_time":"2026-02-20T13:55:49+00:00","og_image":[{"width":1920,"height":1080,"url":"https:\/\/www.aspira.hr\/wp-content\/uploads\/2026\/02\/WEB-OBJAVE-TEMPLATE-23.jpg","type":"image\/jpeg"}],"twitter_card":"summary_large_image","twitter_creator":"@aspirasplit","twitter_site":"@aspirasplit","twitter_misc":{"Written by":"Aspira","Est. reading time":"2 minutes"},"schema":{"@context":"https:\/\/schema.org","@graph":[{"@type":"Organization","@id":"https:\/\/www.aspira.hr\/#organization","name":"Aspira university college","url":"https:\/\/www.aspira.hr\/","sameAs":["https:\/\/www.facebook.com\/Aspira.University.College","https:\/\/www.instagram.com\/aspira_university\/","https:\/\/www.youtube.com\/channel\/UCIgYMJQ9r3uxEjC6kX_q7EQ","https:\/\/twitter.com\/aspirasplit"],"logo":{"@type":"ImageObject","@id":"https:\/\/www.aspira.hr\/#logo","inLanguage":"en-US","url":"https:\/\/www.aspira.hr\/wp-content\/uploads\/2018\/02\/Aspira-University-College-1.png","contentUrl":"https:\/\/www.aspira.hr\/wp-content\/uploads\/2018\/02\/Aspira-University-College-1.png","width":247,"height":60,"caption":"Aspira university college"},"image":{"@id":"https:\/\/www.aspira.hr\/#logo"}},{"@type":"WebSite","@id":"https:\/\/www.aspira.hr\/#website","url":"https:\/\/www.aspira.hr\/","name":"ASPIRA University College","description":"Obrazovanje vrhunskih menad\u017eera iz podru\u010dja sporta i turizma. Studijski programi Me\u0111unarodnog menad\u017ementa u hotelijerstvu i turizmu, te Sportskog menad\u017ementa.","publisher":{"@id":"https:\/\/www.aspira.hr\/#organization"},"potentialAction":[{"@type":"SearchAction","target":{"@type":"EntryPoint","urlTemplate":"https:\/\/www.aspira.hr\/?s={search_term_string}"},"query-input":"required name=search_term_string"}],"inLanguage":"en-US"},{"@type":"ImageObject","@id":"https:\/\/www.aspira.hr\/en\/erasmus-study-in-croatia-welcome-day-for-international-students-at-aspira\/#primaryimage","inLanguage":"en-US","url":"https:\/\/www.aspira.hr\/wp-content\/uploads\/2026\/02\/WEB-OBJAVE-TEMPLATE-23.jpg","contentUrl":"https:\/\/www.aspira.hr\/wp-content\/uploads\/2026\/02\/WEB-OBJAVE-TEMPLATE-23.jpg","width":1920,"height":1080},{"@type":"WebPage","@id":"https:\/\/www.aspira.hr\/en\/erasmus-study-in-croatia-welcome-day-for-international-students-at-aspira\/#webpage","url":"https:\/\/www.aspira.hr\/en\/erasmus-study-in-croatia-welcome-day-for-international-students-at-aspira\/","name":"Erasmus+ Study in Croatia: Welcome Day for International Students at Aspira | ASPIRA University College","isPartOf":{"@id":"https:\/\/www.aspira.hr\/#website"},"primaryImageOfPage":{"@id":"https:\/\/www.aspira.hr\/en\/erasmus-study-in-croatia-welcome-day-for-international-students-at-aspira\/#primaryimage"},"datePublished":"2026-02-20T13:55:49+00:00","dateModified":"2026-02-20T13:55:49+00:00","description":"Welcome Day at Veleu\u010dili\u0161te Aspira marked the start of Erasmus+ study in Croatia for international students from across Europe.","breadcrumb":{"@id":"https:\/\/www.aspira.hr\/en\/erasmus-study-in-croatia-welcome-day-for-international-students-at-aspira\/#breadcrumb"},"inLanguage":"en-US","potentialAction":[{"@type":"ReadAction","target":["https:\/\/www.aspira.hr\/en\/erasmus-study-in-croatia-welcome-day-for-international-students-at-aspira\/"]}]},{"@type":"BreadcrumbList","@id":"https:\/\/www.aspira.hr\/en\/erasmus-study-in-croatia-welcome-day-for-international-students-at-aspira\/#breadcrumb","itemListElement":[{"@type":"ListItem","position":1,"name":"Po\u010detna stranica","item":"https:\/\/www.aspira.hr\/en\/"},{"@type":"ListItem","position":2,"name":"Erasmus+ Study in Croatia: Welcome Day for International Students at Aspira"}]},{"@type":"Article","@id":"https:\/\/www.aspira.hr\/en\/erasmus-study-in-croatia-welcome-day-for-international-students-at-aspira\/#article","isPartOf":{"@id":"https:\/\/www.aspira.hr\/en\/erasmus-study-in-croatia-welcome-day-for-international-students-at-aspira\/#webpage"},"author":{"@id":"https:\/\/www.aspira.hr\/#\/schema\/person\/99698fe259c025ca132d161bc05a300b"},"headline":"Erasmus+ Study in Croatia: Welcome Day for International Students at Aspira","datePublished":"2026-02-20T13:55:49+00:00","dateModified":"2026-02-20T13:55:49+00:00","mainEntityOfPage":{"@id":"https:\/\/www.aspira.hr\/en\/erasmus-study-in-croatia-welcome-day-for-international-students-at-aspira\/#webpage"},"wordCount":357,"publisher":{"@id":"https:\/\/www.aspira.hr\/#organization"},"image":{"@id":"https:\/\/www.aspira.hr\/en\/erasmus-study-in-croatia-welcome-day-for-international-students-at-aspira\/#primaryimage"},"thumbnailUrl":"https:\/\/www.aspira.hr\/wp-content\/uploads\/2026\/02\/WEB-OBJAVE-TEMPLATE-23.jpg","articleSection":["News"],"inLanguage":"en-US"},{"@type":"Person","@id":"https:\/\/www.aspira.hr\/#\/schema\/person\/99698fe259c025ca132d161bc05a300b","name":"Aspira","image":{"@type":"ImageObject","@id":"https:\/\/www.aspira.hr\/#personlogo","inLanguage":"en-US","url":"https:\/\/secure.gravatar.com\/avatar\/7702d1dfd871a2d1c5b167beb1faeb6f?s=96&d=mm&r=g","contentUrl":"https:\/\/secure.gravatar.com\/avatar\/7702d1dfd871a2d1c5b167beb1faeb6f?s=96&d=mm&r=g","caption":"Aspira"}}]}},"_links":{"self":[{"href":"https:\/\/www.aspira.hr\/en\/wp-json\/wp\/v2\/posts\/39949"}],"collection":[{"href":"https:\/\/www.aspira.hr\/en\/wp-json\/wp\/v2\/posts"}],"about":[{"href":"https:\/\/www.aspira.hr\/en\/wp-json\/wp\/v2\/types\/post"}],"author":[{"embeddable":true,"href":"https:\/\/www.aspira.hr\/en\/wp-json\/wp\/v2\/users\/1"}],"replies":[{"embeddable":true,"href":"https:\/\/www.aspira.hr\/en\/wp-json\/wp\/v2\/comments?post=39949"}],"version-history":[{"count":1,"href":"https:\/\/www.aspira.hr\/en\/wp-json\/wp\/v2\/posts\/39949\/revisions"}],"predecessor-version":[{"id":39952,"href":"https:\/\/www.aspira.hr\/en\/wp-json\/wp\/v2\/posts\/39949\/revisions\/39952"}],"wp:featuredmedia":[{"embeddable":true,"href":"https:\/\/www.aspira.hr\/en\/wp-json\/wp\/v2\/media\/39950"}],"wp:attachment":[{"href":"https:\/\/www.aspira.hr\/en\/wp-json\/wp\/v2\/media?parent=39949"}],"wp:term":[{"taxonomy":"category","embeddable":true,"href":"https:\/\/www.aspira.hr\/en\/wp-json\/wp\/v2\/categories?post=39949"},{"taxonomy":"post_tag","embeddable":true,"href":"https:\/\/www.aspira.hr\/en\/wp-json\/wp\/v2\/tags?post=39949"}],"curies":[{"name":"wp","href":"https:\/\/api.w.org\/{rel}","templated":true}]}}