{"id":34729,"date":"2024-06-27T15:24:06","date_gmt":"2024-06-27T13:24:06","guid":{"rendered":"https:\/\/www.aspira.hr\/?p=34729"},"modified":"2024-06-27T15:25:49","modified_gmt":"2024-06-27T13:25:49","slug":"horizon-europe-on-medils","status":"publish","type":"post","link":"https:\/\/www.aspira.hr\/en\/horizon-europe-on-medils\/","title":{"rendered":"Horizon Europe on MedILS"},"content":{"rendered":"<p>On June 27th of this year, Aspira participated in the <strong>&#8220;University Day of the Horizon Europe Program at MedILS&#8221;<\/strong>, which took place at the Mediterranean Institute for Life Sciences (MedILS) of the University of Split.<\/p>\n<p>The goal of the event was to provide a general overview of the possibilities and key information about the Horizon Europe Program, as well as to convey information to users about finding opportunities for new collaborations and to provide useful advice for the most successful submission of project proposals. The event was intended for potential applicants for tenders, scientific and research institutions, institutions of higher education, micro and macro entrepreneurs, other relevant stakeholders, as well as the general public.<\/p>\n","protected":false},"excerpt":{"rendered":"<p>On June 27th of this year, Aspira participated in the &#8220;University Day of the Horizon Europe Program at MedILS&#8221;, which took place at the Mediterranean Institute for Life Sciences (MedILS) of the University of Split. The goal of the event was to provide a general overview of the possibilities and key information about the Horizon&hellip;<\/p>\n","protected":false},"author":1,"featured_media":34727,"comment_status":"closed","ping_status":"open","sticky":false,"template":"","format":"standard","meta":{"_monsterinsights_skip_tracking":false,"_monsterinsights_sitenote_active":false,"_monsterinsights_sitenote_note":"","_monsterinsights_sitenote_category":0},"categories":[22],"tags":[],"yoast_head":"<!-- This site is optimized with the Yoast SEO plugin v18.0 - https:\/\/yoast.com\/wordpress\/plugins\/seo\/ -->\n<title>Horizon Europe on MedILS | ASPIRA University College<\/title>\n<meta name=\"robots\" content=\"index, follow, max-snippet:-1, max-image-preview:large, max-video-preview:-1\" \/>\n<link rel=\"canonical\" href=\"https:\/\/www.aspira.hr\/en\/horizon-europe-on-medils\/\" \/>\n<meta property=\"og:locale\" content=\"en_US\" \/>\n<meta property=\"og:type\" content=\"article\" \/>\n<meta property=\"og:title\" content=\"Horizon Europe on MedILS | ASPIRA University College\" \/>\n<meta property=\"og:description\" content=\"On June 27th of this year, Aspira participated in the &#8220;University Day of the Horizon Europe Program at MedILS&#8221;, which took place at the Mediterranean Institute for Life Sciences (MedILS) of the University of Split. The goal of the event was to provide a general overview of the possibilities and key information about the Horizon&hellip;\" \/>\n<meta property=\"og:url\" content=\"https:\/\/www.aspira.hr\/en\/horizon-europe-on-medils\/\" \/>\n<meta property=\"og:site_name\" content=\"ASPIRA University College\" \/>\n<meta property=\"article:publisher\" content=\"https:\/\/www.facebook.com\/Aspira.University.College\" \/>\n<meta property=\"article:published_time\" content=\"2024-06-27T13:24:06+00:00\" \/>\n<meta property=\"article:modified_time\" content=\"2024-06-27T13:25:49+00:00\" \/>\n<meta property=\"og:image\" content=\"https:\/\/www.aspira.hr\/wp-content\/uploads\/2024\/06\/Obzor-Europa-na-MedILS.jpg\" \/>\n\t<meta property=\"og:image:width\" content=\"900\" \/>\n\t<meta property=\"og:image:height\" content=\"523\" \/>\n\t<meta property=\"og:image:type\" content=\"image\/jpeg\" \/>\n<meta name=\"twitter:card\" content=\"summary_large_image\" \/>\n<meta name=\"twitter:creator\" content=\"@aspirasplit\" \/>\n<meta name=\"twitter:site\" content=\"@aspirasplit\" \/>\n<meta name=\"twitter:label1\" content=\"Written by\" \/>\n\t<meta name=\"twitter:data1\" content=\"Aspira\" \/>\n\t<meta name=\"twitter:label2\" content=\"Est. reading time\" \/>\n\t<meta name=\"twitter:data2\" content=\"1 minute\" \/>\n<script type=\"application\/ld+json\" class=\"yoast-schema-graph\">{\"@context\":\"https:\/\/schema.org\",\"@graph\":[{\"@type\":\"Organization\",\"@id\":\"https:\/\/www.aspira.hr\/#organization\",\"name\":\"Aspira university college\",\"url\":\"https:\/\/www.aspira.hr\/\",\"sameAs\":[\"https:\/\/www.facebook.com\/Aspira.University.College\",\"https:\/\/www.instagram.com\/aspira_university\/\",\"https:\/\/www.youtube.com\/channel\/UCIgYMJQ9r3uxEjC6kX_q7EQ\",\"https:\/\/twitter.com\/aspirasplit\"],\"logo\":{\"@type\":\"ImageObject\",\"@id\":\"https:\/\/www.aspira.hr\/#logo\",\"inLanguage\":\"en-US\",\"url\":\"https:\/\/www.aspira.hr\/wp-content\/uploads\/2018\/02\/Aspira-University-College-1.png\",\"contentUrl\":\"https:\/\/www.aspira.hr\/wp-content\/uploads\/2018\/02\/Aspira-University-College-1.png\",\"width\":247,\"height\":60,\"caption\":\"Aspira university college\"},\"image\":{\"@id\":\"https:\/\/www.aspira.hr\/#logo\"}},{\"@type\":\"WebSite\",\"@id\":\"https:\/\/www.aspira.hr\/#website\",\"url\":\"https:\/\/www.aspira.hr\/\",\"name\":\"ASPIRA University College\",\"description\":\"Obrazovanje vrhunskih menad\u017eera iz podru\u010dja sporta i turizma. Studijski programi Me\u0111unarodnog menad\u017ementa u hotelijerstvu i turizmu, te Sportskog menad\u017ementa.\",\"publisher\":{\"@id\":\"https:\/\/www.aspira.hr\/#organization\"},\"potentialAction\":[{\"@type\":\"SearchAction\",\"target\":{\"@type\":\"EntryPoint\",\"urlTemplate\":\"https:\/\/www.aspira.hr\/?s={search_term_string}\"},\"query-input\":\"required name=search_term_string\"}],\"inLanguage\":\"en-US\"},{\"@type\":\"ImageObject\",\"@id\":\"https:\/\/www.aspira.hr\/en\/horizon-europe-on-medils\/#primaryimage\",\"inLanguage\":\"en-US\",\"url\":\"https:\/\/www.aspira.hr\/wp-content\/uploads\/2024\/06\/Obzor-Europa-na-MedILS.jpg\",\"contentUrl\":\"https:\/\/www.aspira.hr\/wp-content\/uploads\/2024\/06\/Obzor-Europa-na-MedILS.jpg\",\"width\":900,\"height\":523},{\"@type\":\"WebPage\",\"@id\":\"https:\/\/www.aspira.hr\/en\/horizon-europe-on-medils\/#webpage\",\"url\":\"https:\/\/www.aspira.hr\/en\/horizon-europe-on-medils\/\",\"name\":\"Horizon Europe on MedILS | ASPIRA University College\",\"isPartOf\":{\"@id\":\"https:\/\/www.aspira.hr\/#website\"},\"primaryImageOfPage\":{\"@id\":\"https:\/\/www.aspira.hr\/en\/horizon-europe-on-medils\/#primaryimage\"},\"datePublished\":\"2024-06-27T13:24:06+00:00\",\"dateModified\":\"2024-06-27T13:25:49+00:00\",\"breadcrumb\":{\"@id\":\"https:\/\/www.aspira.hr\/en\/horizon-europe-on-medils\/#breadcrumb\"},\"inLanguage\":\"en-US\",\"potentialAction\":[{\"@type\":\"ReadAction\",\"target\":[\"https:\/\/www.aspira.hr\/en\/horizon-europe-on-medils\/\"]}]},{\"@type\":\"BreadcrumbList\",\"@id\":\"https:\/\/www.aspira.hr\/en\/horizon-europe-on-medils\/#breadcrumb\",\"itemListElement\":[{\"@type\":\"ListItem\",\"position\":1,\"name\":\"Po\u010detna stranica\",\"item\":\"https:\/\/www.aspira.hr\/en\/\"},{\"@type\":\"ListItem\",\"position\":2,\"name\":\"Horizon Europe on MedILS\"}]},{\"@type\":\"Article\",\"@id\":\"https:\/\/www.aspira.hr\/en\/horizon-europe-on-medils\/#article\",\"isPartOf\":{\"@id\":\"https:\/\/www.aspira.hr\/en\/horizon-europe-on-medils\/#webpage\"},\"author\":{\"@id\":\"https:\/\/www.aspira.hr\/#\/schema\/person\/99698fe259c025ca132d161bc05a300b\"},\"headline\":\"Horizon Europe on MedILS\",\"datePublished\":\"2024-06-27T13:24:06+00:00\",\"dateModified\":\"2024-06-27T13:25:49+00:00\",\"mainEntityOfPage\":{\"@id\":\"https:\/\/www.aspira.hr\/en\/horizon-europe-on-medils\/#webpage\"},\"wordCount\":118,\"publisher\":{\"@id\":\"https:\/\/www.aspira.hr\/#organization\"},\"image\":{\"@id\":\"https:\/\/www.aspira.hr\/en\/horizon-europe-on-medils\/#primaryimage\"},\"thumbnailUrl\":\"https:\/\/www.aspira.hr\/wp-content\/uploads\/2024\/06\/Obzor-Europa-na-MedILS.jpg\",\"articleSection\":[\"News\"],\"inLanguage\":\"en-US\"},{\"@type\":\"Person\",\"@id\":\"https:\/\/www.aspira.hr\/#\/schema\/person\/99698fe259c025ca132d161bc05a300b\",\"name\":\"Aspira\",\"image\":{\"@type\":\"ImageObject\",\"@id\":\"https:\/\/www.aspira.hr\/#personlogo\",\"inLanguage\":\"en-US\",\"url\":\"https:\/\/secure.gravatar.com\/avatar\/7702d1dfd871a2d1c5b167beb1faeb6f?s=96&d=mm&r=g\",\"contentUrl\":\"https:\/\/secure.gravatar.com\/avatar\/7702d1dfd871a2d1c5b167beb1faeb6f?s=96&d=mm&r=g\",\"caption\":\"Aspira\"}}]}<\/script>\n<!-- \/ Yoast SEO plugin. -->","yoast_head_json":{"title":"Horizon Europe on MedILS | ASPIRA University College","robots":{"index":"index","follow":"follow","max-snippet":"max-snippet:-1","max-image-preview":"max-image-preview:large","max-video-preview":"max-video-preview:-1"},"canonical":"https:\/\/www.aspira.hr\/en\/horizon-europe-on-medils\/","og_locale":"en_US","og_type":"article","og_title":"Horizon Europe on MedILS | ASPIRA University College","og_description":"On June 27th of this year, Aspira participated in the &#8220;University Day of the Horizon Europe Program at MedILS&#8221;, which took place at the Mediterranean Institute for Life Sciences (MedILS) of the University of Split. The goal of the event was to provide a general overview of the possibilities and key information about the Horizon&hellip;","og_url":"https:\/\/www.aspira.hr\/en\/horizon-europe-on-medils\/","og_site_name":"ASPIRA University College","article_publisher":"https:\/\/www.facebook.com\/Aspira.University.College","article_published_time":"2024-06-27T13:24:06+00:00","article_modified_time":"2024-06-27T13:25:49+00:00","og_image":[{"width":900,"height":523,"url":"https:\/\/www.aspira.hr\/wp-content\/uploads\/2024\/06\/Obzor-Europa-na-MedILS.jpg","type":"image\/jpeg"}],"twitter_card":"summary_large_image","twitter_creator":"@aspirasplit","twitter_site":"@aspirasplit","twitter_misc":{"Written by":"Aspira","Est. reading time":"1 minute"},"schema":{"@context":"https:\/\/schema.org","@graph":[{"@type":"Organization","@id":"https:\/\/www.aspira.hr\/#organization","name":"Aspira university college","url":"https:\/\/www.aspira.hr\/","sameAs":["https:\/\/www.facebook.com\/Aspira.University.College","https:\/\/www.instagram.com\/aspira_university\/","https:\/\/www.youtube.com\/channel\/UCIgYMJQ9r3uxEjC6kX_q7EQ","https:\/\/twitter.com\/aspirasplit"],"logo":{"@type":"ImageObject","@id":"https:\/\/www.aspira.hr\/#logo","inLanguage":"en-US","url":"https:\/\/www.aspira.hr\/wp-content\/uploads\/2018\/02\/Aspira-University-College-1.png","contentUrl":"https:\/\/www.aspira.hr\/wp-content\/uploads\/2018\/02\/Aspira-University-College-1.png","width":247,"height":60,"caption":"Aspira university college"},"image":{"@id":"https:\/\/www.aspira.hr\/#logo"}},{"@type":"WebSite","@id":"https:\/\/www.aspira.hr\/#website","url":"https:\/\/www.aspira.hr\/","name":"ASPIRA University College","description":"Obrazovanje vrhunskih menad\u017eera iz podru\u010dja sporta i turizma. Studijski programi Me\u0111unarodnog menad\u017ementa u hotelijerstvu i turizmu, te Sportskog menad\u017ementa.","publisher":{"@id":"https:\/\/www.aspira.hr\/#organization"},"potentialAction":[{"@type":"SearchAction","target":{"@type":"EntryPoint","urlTemplate":"https:\/\/www.aspira.hr\/?s={search_term_string}"},"query-input":"required name=search_term_string"}],"inLanguage":"en-US"},{"@type":"ImageObject","@id":"https:\/\/www.aspira.hr\/en\/horizon-europe-on-medils\/#primaryimage","inLanguage":"en-US","url":"https:\/\/www.aspira.hr\/wp-content\/uploads\/2024\/06\/Obzor-Europa-na-MedILS.jpg","contentUrl":"https:\/\/www.aspira.hr\/wp-content\/uploads\/2024\/06\/Obzor-Europa-na-MedILS.jpg","width":900,"height":523},{"@type":"WebPage","@id":"https:\/\/www.aspira.hr\/en\/horizon-europe-on-medils\/#webpage","url":"https:\/\/www.aspira.hr\/en\/horizon-europe-on-medils\/","name":"Horizon Europe on MedILS | ASPIRA University College","isPartOf":{"@id":"https:\/\/www.aspira.hr\/#website"},"primaryImageOfPage":{"@id":"https:\/\/www.aspira.hr\/en\/horizon-europe-on-medils\/#primaryimage"},"datePublished":"2024-06-27T13:24:06+00:00","dateModified":"2024-06-27T13:25:49+00:00","breadcrumb":{"@id":"https:\/\/www.aspira.hr\/en\/horizon-europe-on-medils\/#breadcrumb"},"inLanguage":"en-US","potentialAction":[{"@type":"ReadAction","target":["https:\/\/www.aspira.hr\/en\/horizon-europe-on-medils\/"]}]},{"@type":"BreadcrumbList","@id":"https:\/\/www.aspira.hr\/en\/horizon-europe-on-medils\/#breadcrumb","itemListElement":[{"@type":"ListItem","position":1,"name":"Po\u010detna stranica","item":"https:\/\/www.aspira.hr\/en\/"},{"@type":"ListItem","position":2,"name":"Horizon Europe on MedILS"}]},{"@type":"Article","@id":"https:\/\/www.aspira.hr\/en\/horizon-europe-on-medils\/#article","isPartOf":{"@id":"https:\/\/www.aspira.hr\/en\/horizon-europe-on-medils\/#webpage"},"author":{"@id":"https:\/\/www.aspira.hr\/#\/schema\/person\/99698fe259c025ca132d161bc05a300b"},"headline":"Horizon Europe on MedILS","datePublished":"2024-06-27T13:24:06+00:00","dateModified":"2024-06-27T13:25:49+00:00","mainEntityOfPage":{"@id":"https:\/\/www.aspira.hr\/en\/horizon-europe-on-medils\/#webpage"},"wordCount":118,"publisher":{"@id":"https:\/\/www.aspira.hr\/#organization"},"image":{"@id":"https:\/\/www.aspira.hr\/en\/horizon-europe-on-medils\/#primaryimage"},"thumbnailUrl":"https:\/\/www.aspira.hr\/wp-content\/uploads\/2024\/06\/Obzor-Europa-na-MedILS.jpg","articleSection":["News"],"inLanguage":"en-US"},{"@type":"Person","@id":"https:\/\/www.aspira.hr\/#\/schema\/person\/99698fe259c025ca132d161bc05a300b","name":"Aspira","image":{"@type":"ImageObject","@id":"https:\/\/www.aspira.hr\/#personlogo","inLanguage":"en-US","url":"https:\/\/secure.gravatar.com\/avatar\/7702d1dfd871a2d1c5b167beb1faeb6f?s=96&d=mm&r=g","contentUrl":"https:\/\/secure.gravatar.com\/avatar\/7702d1dfd871a2d1c5b167beb1faeb6f?s=96&d=mm&r=g","caption":"Aspira"}}]}},"_links":{"self":[{"href":"https:\/\/www.aspira.hr\/en\/wp-json\/wp\/v2\/posts\/34729"}],"collection":[{"href":"https:\/\/www.aspira.hr\/en\/wp-json\/wp\/v2\/posts"}],"about":[{"href":"https:\/\/www.aspira.hr\/en\/wp-json\/wp\/v2\/types\/post"}],"author":[{"embeddable":true,"href":"https:\/\/www.aspira.hr\/en\/wp-json\/wp\/v2\/users\/1"}],"replies":[{"embeddable":true,"href":"https:\/\/www.aspira.hr\/en\/wp-json\/wp\/v2\/comments?post=34729"}],"version-history":[{"count":2,"href":"https:\/\/www.aspira.hr\/en\/wp-json\/wp\/v2\/posts\/34729\/revisions"}],"predecessor-version":[{"id":34732,"href":"https:\/\/www.aspira.hr\/en\/wp-json\/wp\/v2\/posts\/34729\/revisions\/34732"}],"wp:featuredmedia":[{"embeddable":true,"href":"https:\/\/www.aspira.hr\/en\/wp-json\/wp\/v2\/media\/34727"}],"wp:attachment":[{"href":"https:\/\/www.aspira.hr\/en\/wp-json\/wp\/v2\/media?parent=34729"}],"wp:term":[{"taxonomy":"category","embeddable":true,"href":"https:\/\/www.aspira.hr\/en\/wp-json\/wp\/v2\/categories?post=34729"},{"taxonomy":"post_tag","embeddable":true,"href":"https:\/\/www.aspira.hr\/en\/wp-json\/wp\/v2\/tags?post=34729"}],"curies":[{"name":"wp","href":"https:\/\/api.w.org\/{rel}","templated":true}]}}