{"id":34538,"date":"2024-06-13T13:33:08","date_gmt":"2024-06-13T11:33:08","guid":{"rendered":"https:\/\/www.aspira.hr\/?p=34538"},"modified":"2024-06-13T13:33:08","modified_gmt":"2024-06-13T11:33:08","slug":"erasmus-in-bucharest-romania-by-killian-lemayitch","status":"publish","type":"post","link":"https:\/\/www.aspira.hr\/en\/erasmus-in-bucharest-romania-by-killian-lemayitch\/","title":{"rendered":"Erasmus+ in Bucharest, Romania by Killian Lemayitch"},"content":{"rendered":"<p><strong>To begin with, introduce yourself, what are you studying, what year are you and how would you describe yourself?<\/strong><\/p>\n<p>Dobro jutro, dobar dan! I am Killian, I am from France and I am a student at the ASPIRA University College in Split, Croatia. I am 22 years old, and I am currently in my last year of Master\u2019s studies in Tourism and Destination Management. If I have to describe myself, I would say that I am a guy full of life (22y is not that old, is it?) who is trying to travel as much as possible to get new experiences and discover new things, I am pretty curious and maybe too much ambitious. I also love falafels, but I don\u2019t know if it is useful for this interview.<\/p>\n<p><strong>Where are you currently on Erasmus and what are your experiences?<\/strong><\/p>\n<p>I am currently on Erasmus at the Romanian-American University in Bucharest, Romania, for 1 semester. Actually, this is not my first mobility exchange; I had the chance to study in 4 different countries during my education. So first, I was born in France and I stayed there until my second year of Bachelor\u2019s degree in Foreign Languages and Tourism at the University of Rouen-Normandy; then, I decided to do a 1-year mobility at the IRIARTE Centro Universitario in Tenerife, Canary Islands with Erasmus, which was my first experience studying abroad. After that, I had the choice between starting my Master\u2019s degree in France or abroad, and of course I decided to search abroad; I finally landed in Split at the ASPIRA University, and thereafter I decided to repeat my previous Erasmus experience applying for a 1-semester mobility in Romania, and here I am!<\/p>\n<p><strong>What would you point out as the best thing about Erasmus?<\/strong><\/p>\n<p>Listen, you must try to study abroad at least once in your life! Actually, I know that it can scare people to be far from home, far from mom and dad, etc; but it is the best way to try a new experience, maybe start a new life meeting new people from all over the World, and why not creating durable friendships! Actually, the new friendships from all over the World would be the best thing from the Erasmus experience according to me. To be honest, I am still in touch with some people that I have met during my first mobility already 2 years ago, and I also visited them several times. So, it may also allow you to travel to new places, etc. In other words, I would say that the Erasmus program allows you to fly the nest, become more responsible and more independent, the whole giving you a unique and unforgettable experience. Why are you still hesitating?<\/p>\n<p><strong>Did you make any new friends during your stay on Erasmus? Where are the other students from? How is it on classes?<\/strong><\/p>\n<p>Of course! Actually, compared to my first Erasmus, there are definitely more students from abroad! During my first mobility, we were around 10\/15 of us from abroad, and this year we are definitely more than a hundred! The university where I am offers English programs, so there are students from Europe, but also from countries like Syria, Saudi Arabia, China, Japan or even Turkmenistan (I bet you cannot even locate it on a map ahaha). About the classes, to be honest, I have a lot of courses compared to my first mobility and I have a lot of work to do; not all of my courses are very interesting for me, but they are not bad neither, it is only because 4 hours of the same subject can be boring sometimes, let\u2019s say.<\/p>\n<p><strong>What do you miss from Croatia\/Split?<\/strong><\/p>\n<p>Uff\u2026 I think there are two main things that I really miss from Croatia; even though I am not so far from the country; I have to say that the sea and the palms at the Riva miss me a lot\u2026 The constant \u201cSummer vibe\u201d is completely ABSENT here; but I have to say that the city is definitely much bigger than Split, so there are plenty of things to do anyways! Bucharest is called \u201cThe little Paris\u201d, so I am feeling almost like home. The other thing is pretty much linked: it is the WEATHER! I will not complain because I had the right to a nice weather for the first month and a half; but now since almost 2 weeks the Winter coming step by step with storms and rain, and trust me\u2026 Romanian Winter is something different.<\/p>\n<p><strong>What would you say to other colleagues? Why should you choose that destination for Erasmus?<\/strong><\/p>\n<p>Well, it is simple\u2026 If you like to travel, to meet new people, and to discover another way of life with a different culture, Erasmus would be the best option for you! Moreover, your university is having more and more partnerships with other one\u2019s years after years, which is meaning that you have the choice between plenty of destinations: would you prefer a hot destination with the beach and the palms? Okay, you can go to Southern Italy, Spain, or Cyprus for example; or maybe would you prefer a destination with good parties, cheap alcohol (moderately of course\u2026) and nice girls? Then go to Greece, Czechia or Romania! Do not judge or do not be scared about a country just because of the stereotypes that you have already heard about, go wherever you want and see it by yourself to get your own opinion; you will thank me later!<\/p>\n","protected":false},"excerpt":{"rendered":"<p>To begin with, introduce yourself, what are you studying, what year are you and how would you describe yourself? Dobro jutro, dobar dan! I am Killian, I am from France and I am a student at the ASPIRA University College in Split, Croatia. I am 22 years old, and I am currently in my last&hellip;<\/p>\n","protected":false},"author":1,"featured_media":34535,"comment_status":"closed","ping_status":"open","sticky":false,"template":"","format":"standard","meta":{"_monsterinsights_skip_tracking":false,"_monsterinsights_sitenote_active":false,"_monsterinsights_sitenote_note":"","_monsterinsights_sitenote_category":0},"categories":[22],"tags":[],"yoast_head":"<!-- This site is optimized with the Yoast SEO plugin v18.0 - https:\/\/yoast.com\/wordpress\/plugins\/seo\/ -->\n<title>Erasmus+ in Bucharest, Romania by Killian Lemayitch | ASPIRA University College<\/title>\n<meta name=\"robots\" content=\"index, follow, max-snippet:-1, max-image-preview:large, max-video-preview:-1\" \/>\n<link rel=\"canonical\" href=\"https:\/\/www.aspira.hr\/en\/erasmus-in-bucharest-romania-by-killian-lemayitch\/\" \/>\n<meta property=\"og:locale\" content=\"en_US\" \/>\n<meta property=\"og:type\" content=\"article\" \/>\n<meta property=\"og:title\" content=\"Erasmus+ in Bucharest, Romania by Killian Lemayitch | ASPIRA University College\" \/>\n<meta property=\"og:description\" content=\"To begin with, introduce yourself, what are you studying, what year are you and how would you describe yourself? Dobro jutro, dobar dan! I am Killian, I am from France and I am a student at the ASPIRA University College in Split, Croatia. I am 22 years old, and I am currently in my last&hellip;\" \/>\n<meta property=\"og:url\" content=\"https:\/\/www.aspira.hr\/en\/erasmus-in-bucharest-romania-by-killian-lemayitch\/\" \/>\n<meta property=\"og:site_name\" content=\"ASPIRA University College\" \/>\n<meta property=\"article:publisher\" content=\"https:\/\/www.facebook.com\/Aspira.University.College\" \/>\n<meta property=\"article:published_time\" content=\"2024-06-13T11:33:08+00:00\" \/>\n<meta property=\"og:image\" content=\"https:\/\/www.aspira.hr\/wp-content\/uploads\/2024\/06\/Erasmus-u-Bukurestu-Rumunjska-by-Killian-Lemayitch-1.png\" \/>\n\t<meta property=\"og:image:width\" content=\"900\" \/>\n\t<meta property=\"og:image:height\" content=\"506\" \/>\n\t<meta property=\"og:image:type\" content=\"image\/png\" \/>\n<meta name=\"twitter:card\" content=\"summary_large_image\" \/>\n<meta name=\"twitter:creator\" content=\"@aspirasplit\" \/>\n<meta name=\"twitter:site\" content=\"@aspirasplit\" \/>\n<meta name=\"twitter:label1\" content=\"Written by\" \/>\n\t<meta name=\"twitter:data1\" content=\"Aspira\" \/>\n\t<meta name=\"twitter:label2\" content=\"Est. reading time\" \/>\n\t<meta name=\"twitter:data2\" content=\"6 minutes\" \/>\n<script type=\"application\/ld+json\" class=\"yoast-schema-graph\">{\"@context\":\"https:\/\/schema.org\",\"@graph\":[{\"@type\":\"Organization\",\"@id\":\"https:\/\/www.aspira.hr\/#organization\",\"name\":\"Aspira university college\",\"url\":\"https:\/\/www.aspira.hr\/\",\"sameAs\":[\"https:\/\/www.facebook.com\/Aspira.University.College\",\"https:\/\/www.instagram.com\/aspira_university\/\",\"https:\/\/www.youtube.com\/channel\/UCIgYMJQ9r3uxEjC6kX_q7EQ\",\"https:\/\/twitter.com\/aspirasplit\"],\"logo\":{\"@type\":\"ImageObject\",\"@id\":\"https:\/\/www.aspira.hr\/#logo\",\"inLanguage\":\"en-US\",\"url\":\"https:\/\/www.aspira.hr\/wp-content\/uploads\/2018\/02\/Aspira-University-College-1.png\",\"contentUrl\":\"https:\/\/www.aspira.hr\/wp-content\/uploads\/2018\/02\/Aspira-University-College-1.png\",\"width\":247,\"height\":60,\"caption\":\"Aspira university college\"},\"image\":{\"@id\":\"https:\/\/www.aspira.hr\/#logo\"}},{\"@type\":\"WebSite\",\"@id\":\"https:\/\/www.aspira.hr\/#website\",\"url\":\"https:\/\/www.aspira.hr\/\",\"name\":\"ASPIRA University College\",\"description\":\"Obrazovanje vrhunskih menad\u017eera iz podru\u010dja sporta i turizma. Studijski programi Me\u0111unarodnog menad\u017ementa u hotelijerstvu i turizmu, te Sportskog menad\u017ementa.\",\"publisher\":{\"@id\":\"https:\/\/www.aspira.hr\/#organization\"},\"potentialAction\":[{\"@type\":\"SearchAction\",\"target\":{\"@type\":\"EntryPoint\",\"urlTemplate\":\"https:\/\/www.aspira.hr\/?s={search_term_string}\"},\"query-input\":\"required name=search_term_string\"}],\"inLanguage\":\"en-US\"},{\"@type\":\"ImageObject\",\"@id\":\"https:\/\/www.aspira.hr\/en\/erasmus-in-bucharest-romania-by-killian-lemayitch\/#primaryimage\",\"inLanguage\":\"en-US\",\"url\":\"https:\/\/www.aspira.hr\/wp-content\/uploads\/2024\/06\/Erasmus-u-Bukurestu-Rumunjska-by-Killian-Lemayitch-1.png\",\"contentUrl\":\"https:\/\/www.aspira.hr\/wp-content\/uploads\/2024\/06\/Erasmus-u-Bukurestu-Rumunjska-by-Killian-Lemayitch-1.png\",\"width\":900,\"height\":506},{\"@type\":\"WebPage\",\"@id\":\"https:\/\/www.aspira.hr\/en\/erasmus-in-bucharest-romania-by-killian-lemayitch\/#webpage\",\"url\":\"https:\/\/www.aspira.hr\/en\/erasmus-in-bucharest-romania-by-killian-lemayitch\/\",\"name\":\"Erasmus+ in Bucharest, Romania by Killian Lemayitch | ASPIRA University College\",\"isPartOf\":{\"@id\":\"https:\/\/www.aspira.hr\/#website\"},\"primaryImageOfPage\":{\"@id\":\"https:\/\/www.aspira.hr\/en\/erasmus-in-bucharest-romania-by-killian-lemayitch\/#primaryimage\"},\"datePublished\":\"2024-06-13T11:33:08+00:00\",\"dateModified\":\"2024-06-13T11:33:08+00:00\",\"breadcrumb\":{\"@id\":\"https:\/\/www.aspira.hr\/en\/erasmus-in-bucharest-romania-by-killian-lemayitch\/#breadcrumb\"},\"inLanguage\":\"en-US\",\"potentialAction\":[{\"@type\":\"ReadAction\",\"target\":[\"https:\/\/www.aspira.hr\/en\/erasmus-in-bucharest-romania-by-killian-lemayitch\/\"]}]},{\"@type\":\"BreadcrumbList\",\"@id\":\"https:\/\/www.aspira.hr\/en\/erasmus-in-bucharest-romania-by-killian-lemayitch\/#breadcrumb\",\"itemListElement\":[{\"@type\":\"ListItem\",\"position\":1,\"name\":\"Po\u010detna stranica\",\"item\":\"https:\/\/www.aspira.hr\/en\/\"},{\"@type\":\"ListItem\",\"position\":2,\"name\":\"Erasmus+ in Bucharest, Romania by Killian Lemayitch\"}]},{\"@type\":\"Article\",\"@id\":\"https:\/\/www.aspira.hr\/en\/erasmus-in-bucharest-romania-by-killian-lemayitch\/#article\",\"isPartOf\":{\"@id\":\"https:\/\/www.aspira.hr\/en\/erasmus-in-bucharest-romania-by-killian-lemayitch\/#webpage\"},\"author\":{\"@id\":\"https:\/\/www.aspira.hr\/#\/schema\/person\/99698fe259c025ca132d161bc05a300b\"},\"headline\":\"Erasmus+ in Bucharest, Romania by Killian Lemayitch\",\"datePublished\":\"2024-06-13T11:33:08+00:00\",\"dateModified\":\"2024-06-13T11:33:08+00:00\",\"mainEntityOfPage\":{\"@id\":\"https:\/\/www.aspira.hr\/en\/erasmus-in-bucharest-romania-by-killian-lemayitch\/#webpage\"},\"wordCount\":927,\"publisher\":{\"@id\":\"https:\/\/www.aspira.hr\/#organization\"},\"image\":{\"@id\":\"https:\/\/www.aspira.hr\/en\/erasmus-in-bucharest-romania-by-killian-lemayitch\/#primaryimage\"},\"thumbnailUrl\":\"https:\/\/www.aspira.hr\/wp-content\/uploads\/2024\/06\/Erasmus-u-Bukurestu-Rumunjska-by-Killian-Lemayitch-1.png\",\"articleSection\":[\"News\"],\"inLanguage\":\"en-US\"},{\"@type\":\"Person\",\"@id\":\"https:\/\/www.aspira.hr\/#\/schema\/person\/99698fe259c025ca132d161bc05a300b\",\"name\":\"Aspira\",\"image\":{\"@type\":\"ImageObject\",\"@id\":\"https:\/\/www.aspira.hr\/#personlogo\",\"inLanguage\":\"en-US\",\"url\":\"https:\/\/secure.gravatar.com\/avatar\/7702d1dfd871a2d1c5b167beb1faeb6f?s=96&d=mm&r=g\",\"contentUrl\":\"https:\/\/secure.gravatar.com\/avatar\/7702d1dfd871a2d1c5b167beb1faeb6f?s=96&d=mm&r=g\",\"caption\":\"Aspira\"}}]}<\/script>\n<!-- \/ Yoast SEO plugin. -->","yoast_head_json":{"title":"Erasmus+ in Bucharest, Romania by Killian Lemayitch | ASPIRA University College","robots":{"index":"index","follow":"follow","max-snippet":"max-snippet:-1","max-image-preview":"max-image-preview:large","max-video-preview":"max-video-preview:-1"},"canonical":"https:\/\/www.aspira.hr\/en\/erasmus-in-bucharest-romania-by-killian-lemayitch\/","og_locale":"en_US","og_type":"article","og_title":"Erasmus+ in Bucharest, Romania by Killian Lemayitch | ASPIRA University College","og_description":"To begin with, introduce yourself, what are you studying, what year are you and how would you describe yourself? Dobro jutro, dobar dan! I am Killian, I am from France and I am a student at the ASPIRA University College in Split, Croatia. I am 22 years old, and I am currently in my last&hellip;","og_url":"https:\/\/www.aspira.hr\/en\/erasmus-in-bucharest-romania-by-killian-lemayitch\/","og_site_name":"ASPIRA University College","article_publisher":"https:\/\/www.facebook.com\/Aspira.University.College","article_published_time":"2024-06-13T11:33:08+00:00","og_image":[{"width":900,"height":506,"url":"https:\/\/www.aspira.hr\/wp-content\/uploads\/2024\/06\/Erasmus-u-Bukurestu-Rumunjska-by-Killian-Lemayitch-1.png","type":"image\/png"}],"twitter_card":"summary_large_image","twitter_creator":"@aspirasplit","twitter_site":"@aspirasplit","twitter_misc":{"Written by":"Aspira","Est. reading time":"6 minutes"},"schema":{"@context":"https:\/\/schema.org","@graph":[{"@type":"Organization","@id":"https:\/\/www.aspira.hr\/#organization","name":"Aspira university college","url":"https:\/\/www.aspira.hr\/","sameAs":["https:\/\/www.facebook.com\/Aspira.University.College","https:\/\/www.instagram.com\/aspira_university\/","https:\/\/www.youtube.com\/channel\/UCIgYMJQ9r3uxEjC6kX_q7EQ","https:\/\/twitter.com\/aspirasplit"],"logo":{"@type":"ImageObject","@id":"https:\/\/www.aspira.hr\/#logo","inLanguage":"en-US","url":"https:\/\/www.aspira.hr\/wp-content\/uploads\/2018\/02\/Aspira-University-College-1.png","contentUrl":"https:\/\/www.aspira.hr\/wp-content\/uploads\/2018\/02\/Aspira-University-College-1.png","width":247,"height":60,"caption":"Aspira university college"},"image":{"@id":"https:\/\/www.aspira.hr\/#logo"}},{"@type":"WebSite","@id":"https:\/\/www.aspira.hr\/#website","url":"https:\/\/www.aspira.hr\/","name":"ASPIRA University College","description":"Obrazovanje vrhunskih menad\u017eera iz podru\u010dja sporta i turizma. Studijski programi Me\u0111unarodnog menad\u017ementa u hotelijerstvu i turizmu, te Sportskog menad\u017ementa.","publisher":{"@id":"https:\/\/www.aspira.hr\/#organization"},"potentialAction":[{"@type":"SearchAction","target":{"@type":"EntryPoint","urlTemplate":"https:\/\/www.aspira.hr\/?s={search_term_string}"},"query-input":"required name=search_term_string"}],"inLanguage":"en-US"},{"@type":"ImageObject","@id":"https:\/\/www.aspira.hr\/en\/erasmus-in-bucharest-romania-by-killian-lemayitch\/#primaryimage","inLanguage":"en-US","url":"https:\/\/www.aspira.hr\/wp-content\/uploads\/2024\/06\/Erasmus-u-Bukurestu-Rumunjska-by-Killian-Lemayitch-1.png","contentUrl":"https:\/\/www.aspira.hr\/wp-content\/uploads\/2024\/06\/Erasmus-u-Bukurestu-Rumunjska-by-Killian-Lemayitch-1.png","width":900,"height":506},{"@type":"WebPage","@id":"https:\/\/www.aspira.hr\/en\/erasmus-in-bucharest-romania-by-killian-lemayitch\/#webpage","url":"https:\/\/www.aspira.hr\/en\/erasmus-in-bucharest-romania-by-killian-lemayitch\/","name":"Erasmus+ in Bucharest, Romania by Killian Lemayitch | ASPIRA University College","isPartOf":{"@id":"https:\/\/www.aspira.hr\/#website"},"primaryImageOfPage":{"@id":"https:\/\/www.aspira.hr\/en\/erasmus-in-bucharest-romania-by-killian-lemayitch\/#primaryimage"},"datePublished":"2024-06-13T11:33:08+00:00","dateModified":"2024-06-13T11:33:08+00:00","breadcrumb":{"@id":"https:\/\/www.aspira.hr\/en\/erasmus-in-bucharest-romania-by-killian-lemayitch\/#breadcrumb"},"inLanguage":"en-US","potentialAction":[{"@type":"ReadAction","target":["https:\/\/www.aspira.hr\/en\/erasmus-in-bucharest-romania-by-killian-lemayitch\/"]}]},{"@type":"BreadcrumbList","@id":"https:\/\/www.aspira.hr\/en\/erasmus-in-bucharest-romania-by-killian-lemayitch\/#breadcrumb","itemListElement":[{"@type":"ListItem","position":1,"name":"Po\u010detna stranica","item":"https:\/\/www.aspira.hr\/en\/"},{"@type":"ListItem","position":2,"name":"Erasmus+ in Bucharest, Romania by Killian Lemayitch"}]},{"@type":"Article","@id":"https:\/\/www.aspira.hr\/en\/erasmus-in-bucharest-romania-by-killian-lemayitch\/#article","isPartOf":{"@id":"https:\/\/www.aspira.hr\/en\/erasmus-in-bucharest-romania-by-killian-lemayitch\/#webpage"},"author":{"@id":"https:\/\/www.aspira.hr\/#\/schema\/person\/99698fe259c025ca132d161bc05a300b"},"headline":"Erasmus+ in Bucharest, Romania by Killian Lemayitch","datePublished":"2024-06-13T11:33:08+00:00","dateModified":"2024-06-13T11:33:08+00:00","mainEntityOfPage":{"@id":"https:\/\/www.aspira.hr\/en\/erasmus-in-bucharest-romania-by-killian-lemayitch\/#webpage"},"wordCount":927,"publisher":{"@id":"https:\/\/www.aspira.hr\/#organization"},"image":{"@id":"https:\/\/www.aspira.hr\/en\/erasmus-in-bucharest-romania-by-killian-lemayitch\/#primaryimage"},"thumbnailUrl":"https:\/\/www.aspira.hr\/wp-content\/uploads\/2024\/06\/Erasmus-u-Bukurestu-Rumunjska-by-Killian-Lemayitch-1.png","articleSection":["News"],"inLanguage":"en-US"},{"@type":"Person","@id":"https:\/\/www.aspira.hr\/#\/schema\/person\/99698fe259c025ca132d161bc05a300b","name":"Aspira","image":{"@type":"ImageObject","@id":"https:\/\/www.aspira.hr\/#personlogo","inLanguage":"en-US","url":"https:\/\/secure.gravatar.com\/avatar\/7702d1dfd871a2d1c5b167beb1faeb6f?s=96&d=mm&r=g","contentUrl":"https:\/\/secure.gravatar.com\/avatar\/7702d1dfd871a2d1c5b167beb1faeb6f?s=96&d=mm&r=g","caption":"Aspira"}}]}},"_links":{"self":[{"href":"https:\/\/www.aspira.hr\/en\/wp-json\/wp\/v2\/posts\/34538"}],"collection":[{"href":"https:\/\/www.aspira.hr\/en\/wp-json\/wp\/v2\/posts"}],"about":[{"href":"https:\/\/www.aspira.hr\/en\/wp-json\/wp\/v2\/types\/post"}],"author":[{"embeddable":true,"href":"https:\/\/www.aspira.hr\/en\/wp-json\/wp\/v2\/users\/1"}],"replies":[{"embeddable":true,"href":"https:\/\/www.aspira.hr\/en\/wp-json\/wp\/v2\/comments?post=34538"}],"version-history":[{"count":1,"href":"https:\/\/www.aspira.hr\/en\/wp-json\/wp\/v2\/posts\/34538\/revisions"}],"predecessor-version":[{"id":34539,"href":"https:\/\/www.aspira.hr\/en\/wp-json\/wp\/v2\/posts\/34538\/revisions\/34539"}],"wp:featuredmedia":[{"embeddable":true,"href":"https:\/\/www.aspira.hr\/en\/wp-json\/wp\/v2\/media\/34535"}],"wp:attachment":[{"href":"https:\/\/www.aspira.hr\/en\/wp-json\/wp\/v2\/media?parent=34538"}],"wp:term":[{"taxonomy":"category","embeddable":true,"href":"https:\/\/www.aspira.hr\/en\/wp-json\/wp\/v2\/categories?post=34538"},{"taxonomy":"post_tag","embeddable":true,"href":"https:\/\/www.aspira.hr\/en\/wp-json\/wp\/v2\/tags?post=34538"}],"curies":[{"name":"wp","href":"https:\/\/api.w.org\/{rel}","templated":true}]}}