{"id":28055,"date":"2022-06-01T12:30:04","date_gmt":"2022-06-01T10:30:04","guid":{"rendered":"https:\/\/www.aspira.hr\/?p=28055"},"modified":"2022-06-01T12:30:04","modified_gmt":"2022-06-01T10:30:04","slug":"aspiras-collaboration-with-the-centro-agrotecnico-regional-in-argentina","status":"publish","type":"post","link":"https:\/\/www.aspira.hr\/en\/aspiras-collaboration-with-the-centro-agrotecnico-regional-in-argentina\/","title":{"rendered":"Aspira&#8217;s collaboration with the Centro Agrotecnico Regional in Argentina"},"content":{"rendered":"<p>A few days ago Aspiras Dean <strong>Alen Jerkunica<\/strong> and International relations coordinator <strong>Josip Radi\u0107<\/strong> and met at the Split faculty with the dean of the <strong>Centro Agrotecnico Regional in Argentina<\/strong>, <strong>Jose Ban<\/strong>.<\/p>\n<p>The meeting consisted of a discussion about both Aspiras and the centers collaboration opportunities and benefits as well as the possibilities for exchange programs between both the students and faculty members. Both parties got to present their institutions and their study programs and equally learn about each other.<\/p>\n<p>The CAR, located in Santa Fe, Argentina, is a center that has more than 50 years of experience teaching agricultural production and is now interested in broadening their horizons and therefore collaborating with a Croatian university such as Aspira.<\/p>\n<p>The conference concluded with both Aspiras dean Alen Jerkunica and the CARs dean Jose Ban signing a collaborative agreement which accordingly means that Aspira is proudly in official collaboration with the Centro Agrotecnico Regional in Argentina.<\/p>\n<p><a class=\"dt-pswp-item\" href=\"https:\/\/www.aspira.hr\/wp-content\/uploads\/2022\/06\/2-e1654079377805.png\" data-dt-img-description=\"\" data-large_image_width=\"950\" data-large_image_height=\"534\"><img loading=\"lazy\" class=\"aligncenter size-full wp-image-28053\" src=\"https:\/\/www.aspira.hr\/wp-content\/uploads\/2022\/06\/2-e1654079377805.png\" alt=\"\" width=\"950\" height=\"534\" \/><\/a><\/p>\n","protected":false},"excerpt":{"rendered":"<p>A few days ago Aspiras Dean Alen Jerkunica and International relations coordinator Josip Radi\u0107 and met at the Split faculty with the dean of the Centro Agrotecnico Regional in Argentina, Jose Ban. The meeting consisted of a discussion about both Aspiras and the centers collaboration opportunities and benefits as well as the possibilities for exchange&hellip;<\/p>\n","protected":false},"author":1,"featured_media":28051,"comment_status":"closed","ping_status":"open","sticky":false,"template":"","format":"standard","meta":{"_monsterinsights_skip_tracking":false,"_monsterinsights_sitenote_active":false,"_monsterinsights_sitenote_note":"","_monsterinsights_sitenote_category":0},"categories":[22],"tags":[],"yoast_head":"<!-- This site is optimized with the Yoast SEO plugin v18.0 - https:\/\/yoast.com\/wordpress\/plugins\/seo\/ -->\n<title>Aspira&#039;s collaboration with the Centro Agrotecnico Regional in Argentina | ASPIRA University College<\/title>\n<meta name=\"robots\" content=\"index, follow, max-snippet:-1, max-image-preview:large, max-video-preview:-1\" \/>\n<link rel=\"canonical\" href=\"https:\/\/www.aspira.hr\/en\/aspiras-collaboration-with-the-centro-agrotecnico-regional-in-argentina\/\" \/>\n<meta property=\"og:locale\" content=\"en_US\" \/>\n<meta property=\"og:type\" content=\"article\" \/>\n<meta property=\"og:title\" content=\"Aspira&#039;s collaboration with the Centro Agrotecnico Regional in Argentina | ASPIRA University College\" \/>\n<meta property=\"og:description\" content=\"A few days ago Aspiras Dean Alen Jerkunica and International relations coordinator Josip Radi\u0107 and met at the Split faculty with the dean of the Centro Agrotecnico Regional in Argentina, Jose Ban. The meeting consisted of a discussion about both Aspiras and the centers collaboration opportunities and benefits as well as the possibilities for exchange&hellip;\" \/>\n<meta property=\"og:url\" content=\"https:\/\/www.aspira.hr\/en\/aspiras-collaboration-with-the-centro-agrotecnico-regional-in-argentina\/\" \/>\n<meta property=\"og:site_name\" content=\"ASPIRA University College\" \/>\n<meta property=\"article:publisher\" content=\"https:\/\/www.facebook.com\/Aspira.University.College\" \/>\n<meta property=\"article:published_time\" content=\"2022-06-01T10:30:04+00:00\" \/>\n<meta property=\"og:image\" content=\"https:\/\/www.aspira.hr\/wp-content\/uploads\/2022\/06\/1-e1654079396358.png\" \/>\n\t<meta property=\"og:image:width\" content=\"950\" \/>\n\t<meta property=\"og:image:height\" content=\"534\" \/>\n\t<meta property=\"og:image:type\" content=\"image\/png\" \/>\n<meta name=\"twitter:card\" content=\"summary_large_image\" \/>\n<meta name=\"twitter:creator\" content=\"@aspirasplit\" \/>\n<meta name=\"twitter:site\" content=\"@aspirasplit\" \/>\n<meta name=\"twitter:label1\" content=\"Written by\" \/>\n\t<meta name=\"twitter:data1\" content=\"Aspira\" \/>\n\t<meta name=\"twitter:label2\" content=\"Est. reading time\" \/>\n\t<meta name=\"twitter:data2\" content=\"2 minutes\" \/>\n<script type=\"application\/ld+json\" class=\"yoast-schema-graph\">{\"@context\":\"https:\/\/schema.org\",\"@graph\":[{\"@type\":\"Organization\",\"@id\":\"https:\/\/www.aspira.hr\/#organization\",\"name\":\"Aspira university college\",\"url\":\"https:\/\/www.aspira.hr\/\",\"sameAs\":[\"https:\/\/www.facebook.com\/Aspira.University.College\",\"https:\/\/www.instagram.com\/aspira_university\/\",\"https:\/\/www.youtube.com\/channel\/UCIgYMJQ9r3uxEjC6kX_q7EQ\",\"https:\/\/twitter.com\/aspirasplit\"],\"logo\":{\"@type\":\"ImageObject\",\"@id\":\"https:\/\/www.aspira.hr\/#logo\",\"inLanguage\":\"en-US\",\"url\":\"https:\/\/www.aspira.hr\/wp-content\/uploads\/2018\/02\/Aspira-University-College-1.png\",\"contentUrl\":\"https:\/\/www.aspira.hr\/wp-content\/uploads\/2018\/02\/Aspira-University-College-1.png\",\"width\":247,\"height\":60,\"caption\":\"Aspira university college\"},\"image\":{\"@id\":\"https:\/\/www.aspira.hr\/#logo\"}},{\"@type\":\"WebSite\",\"@id\":\"https:\/\/www.aspira.hr\/#website\",\"url\":\"https:\/\/www.aspira.hr\/\",\"name\":\"ASPIRA University College\",\"description\":\"Obrazovanje vrhunskih menad\u017eera iz podru\u010dja sporta i turizma. Studijski programi Me\u0111unarodnog menad\u017ementa u hotelijerstvu i turizmu, te Sportskog menad\u017ementa.\",\"publisher\":{\"@id\":\"https:\/\/www.aspira.hr\/#organization\"},\"potentialAction\":[{\"@type\":\"SearchAction\",\"target\":{\"@type\":\"EntryPoint\",\"urlTemplate\":\"https:\/\/www.aspira.hr\/?s={search_term_string}\"},\"query-input\":\"required name=search_term_string\"}],\"inLanguage\":\"en-US\"},{\"@type\":\"ImageObject\",\"@id\":\"https:\/\/www.aspira.hr\/en\/aspiras-collaboration-with-the-centro-agrotecnico-regional-in-argentina\/#primaryimage\",\"inLanguage\":\"en-US\",\"url\":\"https:\/\/www.aspira.hr\/wp-content\/uploads\/2022\/06\/1-e1654079396358.png\",\"contentUrl\":\"https:\/\/www.aspira.hr\/wp-content\/uploads\/2022\/06\/1-e1654079396358.png\",\"width\":950,\"height\":534},{\"@type\":\"WebPage\",\"@id\":\"https:\/\/www.aspira.hr\/en\/aspiras-collaboration-with-the-centro-agrotecnico-regional-in-argentina\/#webpage\",\"url\":\"https:\/\/www.aspira.hr\/en\/aspiras-collaboration-with-the-centro-agrotecnico-regional-in-argentina\/\",\"name\":\"Aspira's collaboration with the Centro Agrotecnico Regional in Argentina | ASPIRA University College\",\"isPartOf\":{\"@id\":\"https:\/\/www.aspira.hr\/#website\"},\"primaryImageOfPage\":{\"@id\":\"https:\/\/www.aspira.hr\/en\/aspiras-collaboration-with-the-centro-agrotecnico-regional-in-argentina\/#primaryimage\"},\"datePublished\":\"2022-06-01T10:30:04+00:00\",\"dateModified\":\"2022-06-01T10:30:04+00:00\",\"breadcrumb\":{\"@id\":\"https:\/\/www.aspira.hr\/en\/aspiras-collaboration-with-the-centro-agrotecnico-regional-in-argentina\/#breadcrumb\"},\"inLanguage\":\"en-US\",\"potentialAction\":[{\"@type\":\"ReadAction\",\"target\":[\"https:\/\/www.aspira.hr\/en\/aspiras-collaboration-with-the-centro-agrotecnico-regional-in-argentina\/\"]}]},{\"@type\":\"BreadcrumbList\",\"@id\":\"https:\/\/www.aspira.hr\/en\/aspiras-collaboration-with-the-centro-agrotecnico-regional-in-argentina\/#breadcrumb\",\"itemListElement\":[{\"@type\":\"ListItem\",\"position\":1,\"name\":\"Po\u010detna stranica\",\"item\":\"https:\/\/www.aspira.hr\/en\/\"},{\"@type\":\"ListItem\",\"position\":2,\"name\":\"Aspira&#8217;s collaboration with the Centro Agrotecnico Regional in Argentina\"}]},{\"@type\":\"Article\",\"@id\":\"https:\/\/www.aspira.hr\/en\/aspiras-collaboration-with-the-centro-agrotecnico-regional-in-argentina\/#article\",\"isPartOf\":{\"@id\":\"https:\/\/www.aspira.hr\/en\/aspiras-collaboration-with-the-centro-agrotecnico-regional-in-argentina\/#webpage\"},\"author\":{\"@id\":\"https:\/\/www.aspira.hr\/#\/schema\/person\/99698fe259c025ca132d161bc05a300b\"},\"headline\":\"Aspira&#8217;s collaboration with the Centro Agrotecnico Regional in Argentina\",\"datePublished\":\"2022-06-01T10:30:04+00:00\",\"dateModified\":\"2022-06-01T10:30:04+00:00\",\"mainEntityOfPage\":{\"@id\":\"https:\/\/www.aspira.hr\/en\/aspiras-collaboration-with-the-centro-agrotecnico-regional-in-argentina\/#webpage\"},\"wordCount\":163,\"publisher\":{\"@id\":\"https:\/\/www.aspira.hr\/#organization\"},\"image\":{\"@id\":\"https:\/\/www.aspira.hr\/en\/aspiras-collaboration-with-the-centro-agrotecnico-regional-in-argentina\/#primaryimage\"},\"thumbnailUrl\":\"https:\/\/www.aspira.hr\/wp-content\/uploads\/2022\/06\/1-e1654079396358.png\",\"articleSection\":[\"News\"],\"inLanguage\":\"en-US\"},{\"@type\":\"Person\",\"@id\":\"https:\/\/www.aspira.hr\/#\/schema\/person\/99698fe259c025ca132d161bc05a300b\",\"name\":\"Aspira\",\"image\":{\"@type\":\"ImageObject\",\"@id\":\"https:\/\/www.aspira.hr\/#personlogo\",\"inLanguage\":\"en-US\",\"url\":\"https:\/\/secure.gravatar.com\/avatar\/7702d1dfd871a2d1c5b167beb1faeb6f?s=96&d=mm&r=g\",\"contentUrl\":\"https:\/\/secure.gravatar.com\/avatar\/7702d1dfd871a2d1c5b167beb1faeb6f?s=96&d=mm&r=g\",\"caption\":\"Aspira\"}}]}<\/script>\n<!-- \/ Yoast SEO plugin. -->","yoast_head_json":{"title":"Aspira's collaboration with the Centro Agrotecnico Regional in Argentina | ASPIRA University College","robots":{"index":"index","follow":"follow","max-snippet":"max-snippet:-1","max-image-preview":"max-image-preview:large","max-video-preview":"max-video-preview:-1"},"canonical":"https:\/\/www.aspira.hr\/en\/aspiras-collaboration-with-the-centro-agrotecnico-regional-in-argentina\/","og_locale":"en_US","og_type":"article","og_title":"Aspira's collaboration with the Centro Agrotecnico Regional in Argentina | ASPIRA University College","og_description":"A few days ago Aspiras Dean Alen Jerkunica and International relations coordinator Josip Radi\u0107 and met at the Split faculty with the dean of the Centro Agrotecnico Regional in Argentina, Jose Ban. The meeting consisted of a discussion about both Aspiras and the centers collaboration opportunities and benefits as well as the possibilities for exchange&hellip;","og_url":"https:\/\/www.aspira.hr\/en\/aspiras-collaboration-with-the-centro-agrotecnico-regional-in-argentina\/","og_site_name":"ASPIRA University College","article_publisher":"https:\/\/www.facebook.com\/Aspira.University.College","article_published_time":"2022-06-01T10:30:04+00:00","og_image":[{"width":950,"height":534,"url":"https:\/\/www.aspira.hr\/wp-content\/uploads\/2022\/06\/1-e1654079396358.png","type":"image\/png"}],"twitter_card":"summary_large_image","twitter_creator":"@aspirasplit","twitter_site":"@aspirasplit","twitter_misc":{"Written by":"Aspira","Est. reading time":"2 minutes"},"schema":{"@context":"https:\/\/schema.org","@graph":[{"@type":"Organization","@id":"https:\/\/www.aspira.hr\/#organization","name":"Aspira university college","url":"https:\/\/www.aspira.hr\/","sameAs":["https:\/\/www.facebook.com\/Aspira.University.College","https:\/\/www.instagram.com\/aspira_university\/","https:\/\/www.youtube.com\/channel\/UCIgYMJQ9r3uxEjC6kX_q7EQ","https:\/\/twitter.com\/aspirasplit"],"logo":{"@type":"ImageObject","@id":"https:\/\/www.aspira.hr\/#logo","inLanguage":"en-US","url":"https:\/\/www.aspira.hr\/wp-content\/uploads\/2018\/02\/Aspira-University-College-1.png","contentUrl":"https:\/\/www.aspira.hr\/wp-content\/uploads\/2018\/02\/Aspira-University-College-1.png","width":247,"height":60,"caption":"Aspira university college"},"image":{"@id":"https:\/\/www.aspira.hr\/#logo"}},{"@type":"WebSite","@id":"https:\/\/www.aspira.hr\/#website","url":"https:\/\/www.aspira.hr\/","name":"ASPIRA University College","description":"Obrazovanje vrhunskih menad\u017eera iz podru\u010dja sporta i turizma. Studijski programi Me\u0111unarodnog menad\u017ementa u hotelijerstvu i turizmu, te Sportskog menad\u017ementa.","publisher":{"@id":"https:\/\/www.aspira.hr\/#organization"},"potentialAction":[{"@type":"SearchAction","target":{"@type":"EntryPoint","urlTemplate":"https:\/\/www.aspira.hr\/?s={search_term_string}"},"query-input":"required name=search_term_string"}],"inLanguage":"en-US"},{"@type":"ImageObject","@id":"https:\/\/www.aspira.hr\/en\/aspiras-collaboration-with-the-centro-agrotecnico-regional-in-argentina\/#primaryimage","inLanguage":"en-US","url":"https:\/\/www.aspira.hr\/wp-content\/uploads\/2022\/06\/1-e1654079396358.png","contentUrl":"https:\/\/www.aspira.hr\/wp-content\/uploads\/2022\/06\/1-e1654079396358.png","width":950,"height":534},{"@type":"WebPage","@id":"https:\/\/www.aspira.hr\/en\/aspiras-collaboration-with-the-centro-agrotecnico-regional-in-argentina\/#webpage","url":"https:\/\/www.aspira.hr\/en\/aspiras-collaboration-with-the-centro-agrotecnico-regional-in-argentina\/","name":"Aspira's collaboration with the Centro Agrotecnico Regional in Argentina | ASPIRA University College","isPartOf":{"@id":"https:\/\/www.aspira.hr\/#website"},"primaryImageOfPage":{"@id":"https:\/\/www.aspira.hr\/en\/aspiras-collaboration-with-the-centro-agrotecnico-regional-in-argentina\/#primaryimage"},"datePublished":"2022-06-01T10:30:04+00:00","dateModified":"2022-06-01T10:30:04+00:00","breadcrumb":{"@id":"https:\/\/www.aspira.hr\/en\/aspiras-collaboration-with-the-centro-agrotecnico-regional-in-argentina\/#breadcrumb"},"inLanguage":"en-US","potentialAction":[{"@type":"ReadAction","target":["https:\/\/www.aspira.hr\/en\/aspiras-collaboration-with-the-centro-agrotecnico-regional-in-argentina\/"]}]},{"@type":"BreadcrumbList","@id":"https:\/\/www.aspira.hr\/en\/aspiras-collaboration-with-the-centro-agrotecnico-regional-in-argentina\/#breadcrumb","itemListElement":[{"@type":"ListItem","position":1,"name":"Po\u010detna stranica","item":"https:\/\/www.aspira.hr\/en\/"},{"@type":"ListItem","position":2,"name":"Aspira&#8217;s collaboration with the Centro Agrotecnico Regional in Argentina"}]},{"@type":"Article","@id":"https:\/\/www.aspira.hr\/en\/aspiras-collaboration-with-the-centro-agrotecnico-regional-in-argentina\/#article","isPartOf":{"@id":"https:\/\/www.aspira.hr\/en\/aspiras-collaboration-with-the-centro-agrotecnico-regional-in-argentina\/#webpage"},"author":{"@id":"https:\/\/www.aspira.hr\/#\/schema\/person\/99698fe259c025ca132d161bc05a300b"},"headline":"Aspira&#8217;s collaboration with the Centro Agrotecnico Regional in Argentina","datePublished":"2022-06-01T10:30:04+00:00","dateModified":"2022-06-01T10:30:04+00:00","mainEntityOfPage":{"@id":"https:\/\/www.aspira.hr\/en\/aspiras-collaboration-with-the-centro-agrotecnico-regional-in-argentina\/#webpage"},"wordCount":163,"publisher":{"@id":"https:\/\/www.aspira.hr\/#organization"},"image":{"@id":"https:\/\/www.aspira.hr\/en\/aspiras-collaboration-with-the-centro-agrotecnico-regional-in-argentina\/#primaryimage"},"thumbnailUrl":"https:\/\/www.aspira.hr\/wp-content\/uploads\/2022\/06\/1-e1654079396358.png","articleSection":["News"],"inLanguage":"en-US"},{"@type":"Person","@id":"https:\/\/www.aspira.hr\/#\/schema\/person\/99698fe259c025ca132d161bc05a300b","name":"Aspira","image":{"@type":"ImageObject","@id":"https:\/\/www.aspira.hr\/#personlogo","inLanguage":"en-US","url":"https:\/\/secure.gravatar.com\/avatar\/7702d1dfd871a2d1c5b167beb1faeb6f?s=96&d=mm&r=g","contentUrl":"https:\/\/secure.gravatar.com\/avatar\/7702d1dfd871a2d1c5b167beb1faeb6f?s=96&d=mm&r=g","caption":"Aspira"}}]}},"_links":{"self":[{"href":"https:\/\/www.aspira.hr\/en\/wp-json\/wp\/v2\/posts\/28055"}],"collection":[{"href":"https:\/\/www.aspira.hr\/en\/wp-json\/wp\/v2\/posts"}],"about":[{"href":"https:\/\/www.aspira.hr\/en\/wp-json\/wp\/v2\/types\/post"}],"author":[{"embeddable":true,"href":"https:\/\/www.aspira.hr\/en\/wp-json\/wp\/v2\/users\/1"}],"replies":[{"embeddable":true,"href":"https:\/\/www.aspira.hr\/en\/wp-json\/wp\/v2\/comments?post=28055"}],"version-history":[{"count":1,"href":"https:\/\/www.aspira.hr\/en\/wp-json\/wp\/v2\/posts\/28055\/revisions"}],"predecessor-version":[{"id":28056,"href":"https:\/\/www.aspira.hr\/en\/wp-json\/wp\/v2\/posts\/28055\/revisions\/28056"}],"wp:featuredmedia":[{"embeddable":true,"href":"https:\/\/www.aspira.hr\/en\/wp-json\/wp\/v2\/media\/28051"}],"wp:attachment":[{"href":"https:\/\/www.aspira.hr\/en\/wp-json\/wp\/v2\/media?parent=28055"}],"wp:term":[{"taxonomy":"category","embeddable":true,"href":"https:\/\/www.aspira.hr\/en\/wp-json\/wp\/v2\/categories?post=28055"},{"taxonomy":"post_tag","embeddable":true,"href":"https:\/\/www.aspira.hr\/en\/wp-json\/wp\/v2\/tags?post=28055"}],"curies":[{"name":"wp","href":"https:\/\/api.w.org\/{rel}","templated":true}]}}